{"id":1723,"date":"2020-07-30T15:48:32","date_gmt":"2020-07-30T13:48:32","guid":{"rendered":"https:\/\/www.informazione365.net\/?p=1723"},"modified":"2020-07-30T15:48:32","modified_gmt":"2020-07-30T13:48:32","slug":"colleferro-damato-inaugura-reparto-di-oculistica","status":"publish","type":"post","link":"https:\/\/informazione365.net\/index.php\/2020\/07\/30\/colleferro-damato-inaugura-reparto-di-oculistica\/","title":{"rendered":"Colleferro: D\u2019Amato inaugura reparto di oculistica"},"content":{"rendered":"\n<p>\u00c8 stato inaugurato ieri mattina alla presenza dell&#8217; Assessore Sanit\u00e0 e Integrazione Socio-Sanitaria della Regione Lazio, Alessio D\u2019Amato, del Direttore Generale della ASL ROMA 5, Giorgio Giulio Santonocito, e del Sindaco del Comune di Colleferro, Pierluigi Sanna, l\u2019ambulatorio chirurgico di oculistica (PC1) dotato di quattro postazioni operatorie tutte attrezzate e dei connessi servizi, sale visita, ecc.<br>\u201cUn ambulatorio moderno e attrezzato con le ultime tecnologie che permetter\u00e0 di offrire un servizio di qualit\u00e0 al cittadino. Il Lazio \u00e8 uscito dal commissariamento e questo ci permette di tornare a investire sui territori e sul personale per rafforzare tutto il sistema sanitario\u201d ha commentato l\u2019Assessore D\u2019Amato al termine della cerimonia.<br>&#8220;Questa inaugurazione \u00e8 il segnale che, anche se l&#8217;emergenza Covid ci ha rallentato, non ci siamo mai fermati. Il nostro obiettivo \u00e8 sempre quello di offrire maggiori e migliori servizi sanitari ai cittadini del territorio. Ringrazio tutti i professionisti che, nonostante le difficolt\u00e0, con il loro lavoro ci hanno permesso di consegnare questo nuovo reparto&#8221; ha concluso il Dg Santonocito.<br>Sempre nella giornata di ieri \u00e8 avvenuta la consegna al Comune dei locali che ospiteranno i 2 nuovi posti di Terapia Sub-Intensiva che saranno realizzati grazie alla donazione di 250 mila euro alla Protezione Civile del Comune di Colleferro da parte di AVIO S.p.A da devolvere all\u2019Ospedale \u201cParodi Delfino\u201d, in relazione all\u2019emergenza COVID.<br>Presentato inoltre, alla presenza del Prof. Cardi, Presidente del Corso di Laurea in Infermieristica della Sapienza di Roma, il nuovo progetto di riorganizzazione e informatizzazione della didattica attraverso lo spostamento dei locali dedicati al Corso di Laurea, nei nuovi locali che saranno realizzati ed attrezzati al piano secondo, nei locali gi\u00e0 sede del Reparto di Ginecologia e Ostetricia. <\/p>\n","protected":false},"excerpt":{"rendered":"<p>\u00c8 stato inaugurato ieri mattina alla presenza dell&#8217; Assessore Sanit\u00e0 e Integrazione Socio-Sanitaria della Regione Lazio, Alessio D\u2019Amato, del Direttore Generale della ASL ROMA 5, Giorgio Giulio Santonocito, e del Sindaco del Comune di Colleferro, Pierluigi Sanna, l\u2019ambulatorio chirurgico di oculistica (PC1) dotato di quattro postazioni operatorie tutte attrezzate e dei connessi servizi, sale visita, &hellip;<\/p>\n","protected":false},"author":1,"featured_media":1724,"comment_status":"open","ping_status":"open","sticky":false,"template":"","format":"standard","meta":{"footnotes":""},"categories":[28,29],"tags":[],"class_list":["post-1723","post","type-post","status-publish","format-standard","has-post-thumbnail","hentry","category-promo","category-sanita"],"_links":{"self":[{"href":"https:\/\/informazione365.net\/index.php\/wp-json\/wp\/v2\/posts\/1723","targetHints":{"allow":["GET"]}}],"collection":[{"href":"https:\/\/informazione365.net\/index.php\/wp-json\/wp\/v2\/posts"}],"about":[{"href":"https:\/\/informazione365.net\/index.php\/wp-json\/wp\/v2\/types\/post"}],"author":[{"embeddable":true,"href":"https:\/\/informazione365.net\/index.php\/wp-json\/wp\/v2\/users\/1"}],"replies":[{"embeddable":true,"href":"https:\/\/informazione365.net\/index.php\/wp-json\/wp\/v2\/comments?post=1723"}],"version-history":[{"count":0,"href":"https:\/\/informazione365.net\/index.php\/wp-json\/wp\/v2\/posts\/1723\/revisions"}],"wp:featuredmedia":[{"embeddable":true,"href":"https:\/\/informazione365.net\/index.php\/wp-json\/wp\/v2\/media\/1724"}],"wp:attachment":[{"href":"https:\/\/informazione365.net\/index.php\/wp-json\/wp\/v2\/media?parent=1723"}],"wp:term":[{"taxonomy":"category","embeddable":true,"href":"https:\/\/informazione365.net\/index.php\/wp-json\/wp\/v2\/categories?post=1723"},{"taxonomy":"post_tag","embeddable":true,"href":"https:\/\/informazione365.net\/index.php\/wp-json\/wp\/v2\/tags?post=1723"}],"curies":[{"name":"wp","href":"https:\/\/api.w.org\/{rel}","templated":true}]}}