{"id":1709,"date":"2020-07-28T17:00:00","date_gmt":"2020-07-28T15:00:00","guid":{"rendered":"https:\/\/www.informazione365.net\/?p=1709"},"modified":"2020-07-28T17:00:00","modified_gmt":"2020-07-28T15:00:00","slug":"tmb-di-guidonia-montecelio-novelli-trovare-soluzioni-alla-questione-ambientale","status":"publish","type":"post","link":"https:\/\/informazione365.net\/index.php\/2020\/07\/28\/tmb-di-guidonia-montecelio-novelli-trovare-soluzioni-alla-questione-ambientale\/","title":{"rendered":"Tmb di Guidonia Montecelio, Novelli : \u201ctrovare soluzioni alla questione ambientale\u201d"},"content":{"rendered":"\n<p>\u201cOggi partiamo con la discussione sul Piano Rifiuti della Regione Lazio, all\u2019interno del quale ho presentato alcuni emendamenti volti a tutelare la salute e l\u2019ambiente dei cittadini di Guidonia Montecelio e delle aree limitrofe, giustamente preoccupati per la possibile apertura del Tmb all\u2019interno del Parco dell\u2019Inviolata\u201d- spiega Valerio Novelli, Presidente della Commissione Agricoltura e Ambiente della Regione Lazio. Riconversione e delocalizzazione sono le parole chiavi del lavoro di Novelli in Consiglio Regionale. \u201cTmb \u00e8 un acronimo che sta per Trattamento Meccanico Biologico- spiega Novelli- in sostanza, quindi, l\u2019impianto \u00e8 pensato per suddividere la parte umida da quella secca. Questa operazione produce il cosiddetto CSS (Combustibile Solido Secondario) che poi andr\u00e0 a servire gli inceneritori o addirittura con il Decreto Clini i cementifici. La mia idea \u00e8 di riconvertire tutti gli impianti Tmb della nostra Regione in impianti Tm (Trattamento Materia) dove viene gestita soltanto la frazione secca, riducendo, quindi, notevolmente l\u2019inquinamento dovuto alla produzione del Css\u201d. \u201cE\u2019 impensabile, inoltre, che un impianto del genere sia stato concepito in un parco naturale ed archeologico come quello dell\u2019Inviolata- dichiara il Consigliere Regionale- scelta frutto di una politica connivente con interessi che vanno oltre la salute dei cittadini. Per questo motivo, quindi, tra i miei emendamenti c\u2019\u00e8 la proposta di delocalizzare l\u2019impianto in un\u2019area pi\u00f9 consona\u201d. Un lavoro quello del Consigliere Regionale che guarda anche in avanti ad un futuro pi\u00f9 lontano. \u201cAllo stato attuale Roma e provincia sono compresi in un unico Ato (Ambito Territoriale Ottimale)- continua Novelli- questo significa che i rifiuti di Roma possono essere portati al Tmb di Guidonia Montecelio. Riconsiderando gli Ato e, per la sua grandezza, inserendo Roma in un Ato a s\u00e9 stante la Capitale dovrebbe chiudere il ciclo dei rifiuti all\u2019interno del proprio territorio. Si tratta di un provvedimento che, per\u00f2, \u00e8 a lungo &#8211; lunghissimo termine perch\u00e9 finch\u00e8 Roma non diventa autosufficiente subentra la solidariet\u00e0 tra gli Ato e, quindi, comunque l\u2019impianto di Guidonia Montecelio rischia di essere utilizzato anche nel futuro prossimo. Poniamo, per\u00f2, le basi per una nuova vision nel ciclo di rifiuti capitolino\u201d. Sostegno anche all\u2019Amministrazione Comunale di Guidonia Montecelio che sta presentando ricorso contro il rinnovo dell\u2019Aia fino al 2024. \u201cSono vicino al Sindaco di Guidonia Montecelio Michel Barbet ed all\u2019Amministrazione Comunale- conclude il Consigliere Regionale- in questa difficilissima battaglia. Si tratta di amministratori con cui mi sono confrontato spesso sul tema in questione e con cui abbiamo avuto sempre una visione comune che va nella direzione della tutela della salute dei cittadini e dell\u2019ambiente\u201d. <\/p>\n","protected":false},"excerpt":{"rendered":"<p>\u201cOggi partiamo con la discussione sul Piano Rifiuti della Regione Lazio, all\u2019interno del quale ho presentato alcuni emendamenti volti a tutelare la salute e l\u2019ambiente dei cittadini di Guidonia Montecelio e delle aree limitrofe, giustamente preoccupati per la possibile apertura del Tmb all\u2019interno del Parco dell\u2019Inviolata\u201d- spiega Valerio Novelli, Presidente della Commissione Agricoltura e Ambiente &hellip;<\/p>\n","protected":false},"author":1,"featured_media":1710,"comment_status":"open","ping_status":"open","sticky":false,"template":"","format":"standard","meta":{"footnotes":""},"categories":[3,28],"tags":[],"class_list":["post-1709","post","type-post","status-publish","format-standard","has-post-thumbnail","hentry","category-attualita","category-promo"],"_links":{"self":[{"href":"https:\/\/informazione365.net\/index.php\/wp-json\/wp\/v2\/posts\/1709","targetHints":{"allow":["GET"]}}],"collection":[{"href":"https:\/\/informazione365.net\/index.php\/wp-json\/wp\/v2\/posts"}],"about":[{"href":"https:\/\/informazione365.net\/index.php\/wp-json\/wp\/v2\/types\/post"}],"author":[{"embeddable":true,"href":"https:\/\/informazione365.net\/index.php\/wp-json\/wp\/v2\/users\/1"}],"replies":[{"embeddable":true,"href":"https:\/\/informazione365.net\/index.php\/wp-json\/wp\/v2\/comments?post=1709"}],"version-history":[{"count":0,"href":"https:\/\/informazione365.net\/index.php\/wp-json\/wp\/v2\/posts\/1709\/revisions"}],"wp:featuredmedia":[{"embeddable":true,"href":"https:\/\/informazione365.net\/index.php\/wp-json\/wp\/v2\/media\/1710"}],"wp:attachment":[{"href":"https:\/\/informazione365.net\/index.php\/wp-json\/wp\/v2\/media?parent=1709"}],"wp:term":[{"taxonomy":"category","embeddable":true,"href":"https:\/\/informazione365.net\/index.php\/wp-json\/wp\/v2\/categories?post=1709"},{"taxonomy":"post_tag","embeddable":true,"href":"https:\/\/informazione365.net\/index.php\/wp-json\/wp\/v2\/tags?post=1709"}],"curies":[{"name":"wp","href":"https:\/\/api.w.org\/{rel}","templated":true}]}}