{"id":1563,"date":"2020-06-30T14:00:00","date_gmt":"2020-06-30T12:00:00","guid":{"rendered":"https:\/\/www.informazione365.net\/?p=1563"},"modified":"2020-06-30T14:00:00","modified_gmt":"2020-06-30T12:00:00","slug":"torna-lemergenza-psicologica-covid-19","status":"publish","type":"post","link":"https:\/\/informazione365.net\/index.php\/2020\/06\/30\/torna-lemergenza-psicologica-covid-19\/","title":{"rendered":"Torna l\u2019emergenza psicologica Covid-19"},"content":{"rendered":"\n<p>Dall\u2019attivazione del sostegno h24 7 giorni su 7 pi\u00f9 di 50 interventi e centinaia di contatti.<br>A partire dal 1 luglio l\u2019Emergenza Psicologica COVID 19, servizio che era stato attivato durante la pandemia per garantire assistenza psicologica specialistica h24 7 giorni su 7, non sar\u00e0 pi\u00f9 gestita da un unico numero ma tornano ai Centri di Salute Mentale distrettuali.<br>Sono stati effettuati pi\u00f9 di 50 interventi su casi rilevanti da un punto\u00a0di vista clinico e che hanno necessitato di un coordinamento con i Servizi del Dipartimento di Salute Mentale e delle Dipendenze Patologiche (DSMDP) e sono stati gestiti centinaia di contatti. Si \u00e8 provveduto, infatti, anche a monitorare e sostenere da un punto di vista psicologico le persone in carico alla ASL Roma 5 affette da Covid-19 ed i loro congiunti.<br>Come funziona il servizio a partire dal 1 luglio: Le situazioni che necessitano di un contatto rapido con un professionista della salute mentale saranno a cura dei Centri di Salute Mentale (CSM) competenti per territorio aperti dal luned\u00ec al venerd\u00ec dalle 8.00 alle 20.00 e il sabato dalle 8.00 alle 14.00 (in tabella i numeri dei singoli Servizi per ogni Distretto).<br>\u201cIl numero unico di emergenza Covid-19 ha permesso di promuovere la salute mentale sul territorio della ASL Roma 5 in un periodo critico di pandemia. La Direzione Strategica Aziendale ringrazia tutti gli operatori che hanno partecipato a questa iniziativa dedicando tempo e professionalit\u00e0 per la realizzazione di un sistema di intervento specifico per le situazioni di emergenza psicologica durante la pandemia di Covid-19 ottenendo ottimi risultati\u201d. <\/p>\n","protected":false},"excerpt":{"rendered":"<p>Dall\u2019attivazione del sostegno h24 7 giorni su 7 pi\u00f9 di 50 interventi e centinaia di contatti.A partire dal 1 luglio l\u2019Emergenza Psicologica COVID 19, servizio che era stato attivato durante la pandemia per garantire assistenza psicologica specialistica h24 7 giorni su 7, non sar\u00e0 pi\u00f9 gestita da un unico numero ma tornano ai Centri di &hellip;<\/p>\n","protected":false},"author":1,"featured_media":1564,"comment_status":"open","ping_status":"open","sticky":false,"template":"","format":"standard","meta":{"footnotes":""},"categories":[3,28],"tags":[],"class_list":["post-1563","post","type-post","status-publish","format-standard","has-post-thumbnail","hentry","category-attualita","category-promo"],"_links":{"self":[{"href":"https:\/\/informazione365.net\/index.php\/wp-json\/wp\/v2\/posts\/1563","targetHints":{"allow":["GET"]}}],"collection":[{"href":"https:\/\/informazione365.net\/index.php\/wp-json\/wp\/v2\/posts"}],"about":[{"href":"https:\/\/informazione365.net\/index.php\/wp-json\/wp\/v2\/types\/post"}],"author":[{"embeddable":true,"href":"https:\/\/informazione365.net\/index.php\/wp-json\/wp\/v2\/users\/1"}],"replies":[{"embeddable":true,"href":"https:\/\/informazione365.net\/index.php\/wp-json\/wp\/v2\/comments?post=1563"}],"version-history":[{"count":0,"href":"https:\/\/informazione365.net\/index.php\/wp-json\/wp\/v2\/posts\/1563\/revisions"}],"wp:featuredmedia":[{"embeddable":true,"href":"https:\/\/informazione365.net\/index.php\/wp-json\/wp\/v2\/media\/1564"}],"wp:attachment":[{"href":"https:\/\/informazione365.net\/index.php\/wp-json\/wp\/v2\/media?parent=1563"}],"wp:term":[{"taxonomy":"category","embeddable":true,"href":"https:\/\/informazione365.net\/index.php\/wp-json\/wp\/v2\/categories?post=1563"},{"taxonomy":"post_tag","embeddable":true,"href":"https:\/\/informazione365.net\/index.php\/wp-json\/wp\/v2\/tags?post=1563"}],"curies":[{"name":"wp","href":"https:\/\/api.w.org\/{rel}","templated":true}]}}