{"id":1549,"date":"2020-06-26T17:00:00","date_gmt":"2020-06-26T15:00:00","guid":{"rendered":"https:\/\/www.informazione365.net\/?p=1549"},"modified":"2020-06-26T17:00:00","modified_gmt":"2020-06-26T15:00:00","slug":"guerra-oms-covid-come-spagnola-ci-attendono-molti-morti-in-autunno","status":"publish","type":"post","link":"https:\/\/informazione365.net\/index.php\/2020\/06\/26\/guerra-oms-covid-come-spagnola-ci-attendono-molti-morti-in-autunno\/","title":{"rendered":"Guerra (OMS): \u201cCovid come Spagnola\u201d&#8230;ci attendono molti morti in autunno?"},"content":{"rendered":"\n<p>Dati controvertibili e poca affidabilit\u00e0 nelle previsioni: il Coronavirus continua a creare disagio informativo nelle popolazioni e negli esperti. Ranieri Guerra, direttore aggiunto dell\u2019Organizzazione Mondiale della Sanit\u00e0, ha affermato che il Covid \u201csi sta comportando come avevamo ipotizzato\u201d paragonandolo \u201calla Spagnola che si comport\u00f2 esattamente come il Covid: and\u00f2 gi\u00f9 in estate e riprese ferocemente a settembre e ottobre, facendo 50 milioni di morti durante la seconda ondata\u201d. L\u2019esponente dell\u2019Oms non vuole sentir parlare di \u201cemergenza finita\u201d, precisando che dall\u2019emergenza ancora non ne siamo usciti definitivamente. Poi sui focolai di Bologna e Mondragone \u00e8 rassicurante: \u201cNon vi \u00e8 eccessiva preoccupazione perch\u00e9 \u00e8 tutto ampiamente previsto. Entrambi i focolai sono stati immediatamente circoscritti, e i protocolli messi in atto tengono. E\u2019 inevitabile ci siano focolai in Italia e in Europa\u201d. <\/p>\n","protected":false},"excerpt":{"rendered":"<p>Dati controvertibili e poca affidabilit\u00e0 nelle previsioni: il Coronavirus continua a creare disagio informativo nelle popolazioni e negli esperti. Ranieri Guerra, direttore aggiunto dell\u2019Organizzazione Mondiale della Sanit\u00e0, ha affermato che il Covid \u201csi sta comportando come avevamo ipotizzato\u201d paragonandolo \u201calla Spagnola che si comport\u00f2 esattamente come il Covid: and\u00f2 gi\u00f9 in estate e riprese ferocemente &hellip;<\/p>\n","protected":false},"author":1,"featured_media":1550,"comment_status":"open","ping_status":"open","sticky":false,"template":"","format":"standard","meta":{"footnotes":""},"categories":[3,28],"tags":[],"class_list":["post-1549","post","type-post","status-publish","format-standard","has-post-thumbnail","hentry","category-attualita","category-promo"],"_links":{"self":[{"href":"https:\/\/informazione365.net\/index.php\/wp-json\/wp\/v2\/posts\/1549","targetHints":{"allow":["GET"]}}],"collection":[{"href":"https:\/\/informazione365.net\/index.php\/wp-json\/wp\/v2\/posts"}],"about":[{"href":"https:\/\/informazione365.net\/index.php\/wp-json\/wp\/v2\/types\/post"}],"author":[{"embeddable":true,"href":"https:\/\/informazione365.net\/index.php\/wp-json\/wp\/v2\/users\/1"}],"replies":[{"embeddable":true,"href":"https:\/\/informazione365.net\/index.php\/wp-json\/wp\/v2\/comments?post=1549"}],"version-history":[{"count":0,"href":"https:\/\/informazione365.net\/index.php\/wp-json\/wp\/v2\/posts\/1549\/revisions"}],"wp:featuredmedia":[{"embeddable":true,"href":"https:\/\/informazione365.net\/index.php\/wp-json\/wp\/v2\/media\/1550"}],"wp:attachment":[{"href":"https:\/\/informazione365.net\/index.php\/wp-json\/wp\/v2\/media?parent=1549"}],"wp:term":[{"taxonomy":"category","embeddable":true,"href":"https:\/\/informazione365.net\/index.php\/wp-json\/wp\/v2\/categories?post=1549"},{"taxonomy":"post_tag","embeddable":true,"href":"https:\/\/informazione365.net\/index.php\/wp-json\/wp\/v2\/tags?post=1549"}],"curies":[{"name":"wp","href":"https:\/\/api.w.org\/{rel}","templated":true}]}}