{"id":1521,"date":"2020-06-20T18:00:00","date_gmt":"2020-06-20T16:00:00","guid":{"rendered":"https:\/\/www.informazione365.net\/?p=1521"},"modified":"2020-06-20T18:00:00","modified_gmt":"2020-06-20T16:00:00","slug":"palamara-espulso-dallanm-prima-volta-storica-per-un-presidente","status":"publish","type":"post","link":"https:\/\/informazione365.net\/index.php\/2020\/06\/20\/palamara-espulso-dallanm-prima-volta-storica-per-un-presidente\/","title":{"rendered":"Palamara espulso dall\u2019Anm, prima volta storica per un presidente"},"content":{"rendered":"\n<p>Mai era successo che l\u2019Associazione nazionale Magistrati decidesse di espellere un suo ex presidente. E\u2019 accaduto ora, con Luca Palamara espulso dall\u2019Anm. Il pm, cacciato per le indagini di Perugia, ha deciso di diffondere a mezzo stampa il testo del suo intervento, che non ha potuto fare perch\u00e9 \u00e8 stata respinta la sua richiesta di poter parlare. &#8220;Non mi sottrarr\u00f2 alle responsabilit\u00e0 politiche del mio operato per aver accettato regole del gioco sempre pi\u00f9 discutibili &#8211; afferma Palamara &#8211; Ma deve essere chiaro che non ho mai agito da solo. La responsabilit\u00e0 non era soltanto mia. Non far\u00f2 il capro espiatorio di un sistema&#8221;. Le sue sono considerate \u201c&#8230;gravi e reiterate violazioni del codice etico\u201d. Ma lui stesso intanto provvede a mandare avvertimenti sibillini: \u201cVantavano diritti anche probiviri che hanno chiesto la mia cacciata. Hanno rimosso cene con politici\u201d. Tutto somiglia sempre di pi\u00f9 alla punta di un iceberg giudiziario che nasconde risvolti insospettati. <\/p>\n","protected":false},"excerpt":{"rendered":"<p>Mai era successo che l\u2019Associazione nazionale Magistrati decidesse di espellere un suo ex presidente. E\u2019 accaduto ora, con Luca Palamara espulso dall\u2019Anm. Il pm, cacciato per le indagini di Perugia, ha deciso di diffondere a mezzo stampa il testo del suo intervento, che non ha potuto fare perch\u00e9 \u00e8 stata respinta la sua richiesta di &hellip;<\/p>\n","protected":false},"author":1,"featured_media":1522,"comment_status":"open","ping_status":"open","sticky":false,"template":"","format":"standard","meta":{"footnotes":""},"categories":[5,28],"tags":[],"class_list":["post-1521","post","type-post","status-publish","format-standard","has-post-thumbnail","hentry","category-politica","category-promo"],"_links":{"self":[{"href":"https:\/\/informazione365.net\/index.php\/wp-json\/wp\/v2\/posts\/1521","targetHints":{"allow":["GET"]}}],"collection":[{"href":"https:\/\/informazione365.net\/index.php\/wp-json\/wp\/v2\/posts"}],"about":[{"href":"https:\/\/informazione365.net\/index.php\/wp-json\/wp\/v2\/types\/post"}],"author":[{"embeddable":true,"href":"https:\/\/informazione365.net\/index.php\/wp-json\/wp\/v2\/users\/1"}],"replies":[{"embeddable":true,"href":"https:\/\/informazione365.net\/index.php\/wp-json\/wp\/v2\/comments?post=1521"}],"version-history":[{"count":0,"href":"https:\/\/informazione365.net\/index.php\/wp-json\/wp\/v2\/posts\/1521\/revisions"}],"wp:featuredmedia":[{"embeddable":true,"href":"https:\/\/informazione365.net\/index.php\/wp-json\/wp\/v2\/media\/1522"}],"wp:attachment":[{"href":"https:\/\/informazione365.net\/index.php\/wp-json\/wp\/v2\/media?parent=1521"}],"wp:term":[{"taxonomy":"category","embeddable":true,"href":"https:\/\/informazione365.net\/index.php\/wp-json\/wp\/v2\/categories?post=1521"},{"taxonomy":"post_tag","embeddable":true,"href":"https:\/\/informazione365.net\/index.php\/wp-json\/wp\/v2\/tags?post=1521"}],"curies":[{"name":"wp","href":"https:\/\/api.w.org\/{rel}","templated":true}]}}