{"id":1403,"date":"2020-05-28T18:00:00","date_gmt":"2020-05-28T16:00:00","guid":{"rendered":"https:\/\/www.informazione365.net\/?p=1403"},"modified":"2020-05-28T18:00:00","modified_gmt":"2020-05-28T16:00:00","slug":"de-luca-nessun-liberi-tutti-dal-3-giugno","status":"publish","type":"post","link":"https:\/\/informazione365.net\/index.php\/2020\/05\/28\/de-luca-nessun-liberi-tutti-dal-3-giugno\/","title":{"rendered":"De Luca: \u201cNessun liberi tutti dal 3 giugno\u201d"},"content":{"rendered":"\n<p>&#8220;C&#8217;\u00e8 molta confusione in Italia\u201d. A dirlo \u00e8 il presidente della Regione Campania Vincenzo De Luca, che disconosce anche l&#8217;accordo sottoscritto dalla conferenza delle Regioni. &#8220;La Campania non \u00e8 d&#8217;accordo e non ha sottoscritto l&#8217;intesa Stato-Regioni che \u00e8 stata presentata come condivisa all&#8217;unanimit\u00e0&#8221;, ha detto il governatore. &#8220;Su diverse norme di sicurezza generale \u00e8 il ministero della Salute che deve pronunciarsi, non deve accadere\u00a0che il governo scarichi opportunisticamente tutte le decisioni sulle Regioni. Non \u00e8 accettabile&#8221;. E infine sulla dichiarazione del presidente del Consiglio che assicura il liberi tutti dal 3 giugno: \u201cIo non so cosa accadr\u00e0 il prossimo 3 giugno, ma il 2 giugno cercher\u00f2 di analizzare tutti i dati in nostro possesso per capire qual \u00e8 la situazione epidemiologica. Ma poi: cosa significa liberi tutti? Andr\u00e0 tutto bene se il contagio viene contenuto, ma se abbiamo ancora elevati livelli di contagio che significa liberi tutti?&#8221;. <\/p>\n","protected":false},"excerpt":{"rendered":"<p>&#8220;C&#8217;\u00e8 molta confusione in Italia\u201d. A dirlo \u00e8 il presidente della Regione Campania Vincenzo De Luca, che disconosce anche l&#8217;accordo sottoscritto dalla conferenza delle Regioni. &#8220;La Campania non \u00e8 d&#8217;accordo e non ha sottoscritto l&#8217;intesa Stato-Regioni che \u00e8 stata presentata come condivisa all&#8217;unanimit\u00e0&#8221;, ha detto il governatore. &#8220;Su diverse norme di sicurezza generale \u00e8 il &hellip;<\/p>\n","protected":false},"author":1,"featured_media":1404,"comment_status":"open","ping_status":"open","sticky":false,"template":"","format":"standard","meta":{"footnotes":""},"categories":[3,28],"tags":[],"class_list":["post-1403","post","type-post","status-publish","format-standard","has-post-thumbnail","hentry","category-attualita","category-promo"],"_links":{"self":[{"href":"https:\/\/informazione365.net\/index.php\/wp-json\/wp\/v2\/posts\/1403","targetHints":{"allow":["GET"]}}],"collection":[{"href":"https:\/\/informazione365.net\/index.php\/wp-json\/wp\/v2\/posts"}],"about":[{"href":"https:\/\/informazione365.net\/index.php\/wp-json\/wp\/v2\/types\/post"}],"author":[{"embeddable":true,"href":"https:\/\/informazione365.net\/index.php\/wp-json\/wp\/v2\/users\/1"}],"replies":[{"embeddable":true,"href":"https:\/\/informazione365.net\/index.php\/wp-json\/wp\/v2\/comments?post=1403"}],"version-history":[{"count":0,"href":"https:\/\/informazione365.net\/index.php\/wp-json\/wp\/v2\/posts\/1403\/revisions"}],"wp:featuredmedia":[{"embeddable":true,"href":"https:\/\/informazione365.net\/index.php\/wp-json\/wp\/v2\/media\/1404"}],"wp:attachment":[{"href":"https:\/\/informazione365.net\/index.php\/wp-json\/wp\/v2\/media?parent=1403"}],"wp:term":[{"taxonomy":"category","embeddable":true,"href":"https:\/\/informazione365.net\/index.php\/wp-json\/wp\/v2\/categories?post=1403"},{"taxonomy":"post_tag","embeddable":true,"href":"https:\/\/informazione365.net\/index.php\/wp-json\/wp\/v2\/tags?post=1403"}],"curies":[{"name":"wp","href":"https:\/\/api.w.org\/{rel}","templated":true}]}}