{"id":1391,"date":"2020-05-26T13:00:00","date_gmt":"2020-05-26T11:00:00","guid":{"rendered":"https:\/\/www.informazione365.net\/?p=1386"},"modified":"2020-05-26T13:00:00","modified_gmt":"2020-05-26T11:00:00","slug":"dal-3-giugno-regioni-aperte-esclusi-piemonte-e-lombardia","status":"publish","type":"post","link":"https:\/\/informazione365.net\/index.php\/2020\/05\/26\/dal-3-giugno-regioni-aperte-esclusi-piemonte-e-lombardia\/","title":{"rendered":"Dal 3 giugno regioni aperte, esclusi Piemonte e Lombardia"},"content":{"rendered":"\n<p>Dal 3 giugno aperte tutte le regioni, eccetto Lombardia e Piemonte. Quindi, diversi step concordati con i governatori: segue questa linea Palazzo Chigi in vista della prossima riapertura dei confini tra regioni. Occorre una necessaria mediazione tra le posizioni rigide adottate dai governatori delle Regioni del Centro-Sud \u2014 Sardegna e Sicilia su tutte \u2014 che stanno minacciando di vietare l\u2019accesso a chi viene dal nord,\u00a0e le aperture invocate invece da quelli del settentrione. Il ministero della Salute \u00e8 decisamente ottimista sui dati che provengono dai tamponi: \u201cIl numero dei nuovi contagiati \u00e8 in costante discesa, se venerd\u00ec il monitoraggio ci dar\u00e0 dati positivi, come ci aspettiamo, studieremo una soluzione che vada bene a tutti\u00bb. Quindi solo nel caso in cui risultassero ancora delle criticit\u00e0 potrebbe essere posticipata l\u2019apertura di alcune regioni del nord \u2014 Lombardia e Piemonte, forse anche l\u2019Emilia-Romagna \u2014 di una ulteriore settimana, due al massimo. L\u2019obiettivo resta quello di arrivare all\u2019estate con spostamenti liberi in tutta Italia. <\/p>\n","protected":false},"excerpt":{"rendered":"<p>Dal 3 giugno aperte tutte le regioni, eccetto Lombardia e Piemonte. Quindi, diversi step concordati con i governatori: segue questa linea Palazzo Chigi in vista della prossima riapertura dei confini tra regioni. Occorre una necessaria mediazione tra le posizioni rigide adottate dai governatori delle Regioni del Centro-Sud \u2014 Sardegna e Sicilia su tutte \u2014 che &hellip;<\/p>\n","protected":false},"author":1,"featured_media":2820,"comment_status":"open","ping_status":"open","sticky":false,"template":"","format":"standard","meta":{"footnotes":""},"categories":[3,28],"tags":[],"class_list":["post-1391","post","type-post","status-publish","format-standard","has-post-thumbnail","hentry","category-attualita","category-promo"],"_links":{"self":[{"href":"https:\/\/informazione365.net\/index.php\/wp-json\/wp\/v2\/posts\/1391","targetHints":{"allow":["GET"]}}],"collection":[{"href":"https:\/\/informazione365.net\/index.php\/wp-json\/wp\/v2\/posts"}],"about":[{"href":"https:\/\/informazione365.net\/index.php\/wp-json\/wp\/v2\/types\/post"}],"author":[{"embeddable":true,"href":"https:\/\/informazione365.net\/index.php\/wp-json\/wp\/v2\/users\/1"}],"replies":[{"embeddable":true,"href":"https:\/\/informazione365.net\/index.php\/wp-json\/wp\/v2\/comments?post=1391"}],"version-history":[{"count":0,"href":"https:\/\/informazione365.net\/index.php\/wp-json\/wp\/v2\/posts\/1391\/revisions"}],"wp:featuredmedia":[{"embeddable":true,"href":"https:\/\/informazione365.net\/index.php\/wp-json\/wp\/v2\/media\/2820"}],"wp:attachment":[{"href":"https:\/\/informazione365.net\/index.php\/wp-json\/wp\/v2\/media?parent=1391"}],"wp:term":[{"taxonomy":"category","embeddable":true,"href":"https:\/\/informazione365.net\/index.php\/wp-json\/wp\/v2\/categories?post=1391"},{"taxonomy":"post_tag","embeddable":true,"href":"https:\/\/informazione365.net\/index.php\/wp-json\/wp\/v2\/tags?post=1391"}],"curies":[{"name":"wp","href":"https:\/\/api.w.org\/{rel}","templated":true}]}}