{"id":1376,"date":"2020-05-18T15:00:00","date_gmt":"2020-05-18T13:00:00","guid":{"rendered":"https:\/\/www.informazione365.net\/?p=1345"},"modified":"2020-05-18T15:00:00","modified_gmt":"2020-05-18T13:00:00","slug":"didattica-a-distanza-anche-no","status":"publish","type":"post","link":"https:\/\/informazione365.net\/index.php\/2020\/05\/18\/didattica-a-distanza-anche-no\/","title":{"rendered":"Didattica a distanza? Anche no"},"content":{"rendered":"\n<p>Mentre e\u2019 di queste ore la notizia della sospensione di una lezione perch\u00e9 l\u2019insegnante ha terminato i giga, in Italia si valuta la prospettiva di una ripresa graduale delle lezioni a partire dal prossimo anno scolastico. Intanto in Francia e Germania, in Belgio, Danimarca e Olanda, Norvegia e Repubblica ceca, Austria e Svizzera, e in parte perfino nel Regno Unito, sono gi\u00e0 ripartiti, pur utilizzando prudenza. In Spagna, invece, dove i numeri del contagio sono pi\u00f9 allarmanti dei nostri, si sta pensando di svolgere qualche settimana di scuola prima della pausa estiva. In definitiva, il prossimo anno scolastico si preannuncia comunque all\u2019insegna del distanziamento sociale e di vincoli oggettivi imposti, lasciando credere che il rischio di contagio \u00e8 ancora dietro l\u2019angolo. Ma non \u00e8 affatto giustificata l\u2019intercambiabilit\u00e0 fra le due modalit\u00e0 di insegnamento \u2013 in presenza o a distanza. La didattica scolastica presuppone il rispetto di fondamenti culturali e civili, consolidati sulla base di una tradizione che dura da pi\u00f9 di due millenni e mezzo. Tutto lo scibile, la preparazione dei docenti, l\u2019interazione, il contatto umano e le dinamiche comunicative con gli studenti non possono certo essere sostituiti dal monitor di un computer o di un tablet. Per quello, forse, si potr\u00e0 ancora attendere qualche tempo, quando la mobilit\u00e0 sar\u00e0 ridotta da inquinamento e alti costi di trasporto. Adesso ci si auspica un ritorno all\u2019antico. <\/p>\n","protected":false},"excerpt":{"rendered":"<p>Mentre e\u2019 di queste ore la notizia della sospensione di una lezione perch\u00e9 l\u2019insegnante ha terminato i giga, in Italia si valuta la prospettiva di una ripresa graduale delle lezioni a partire dal prossimo anno scolastico. Intanto in Francia e Germania, in Belgio, Danimarca e Olanda, Norvegia e Repubblica ceca, Austria e Svizzera, e in &hellip;<\/p>\n","protected":false},"author":1,"featured_media":2809,"comment_status":"open","ping_status":"open","sticky":false,"template":"","format":"standard","meta":{"footnotes":""},"categories":[3,28],"tags":[],"class_list":["post-1376","post","type-post","status-publish","format-standard","has-post-thumbnail","hentry","category-attualita","category-promo"],"_links":{"self":[{"href":"https:\/\/informazione365.net\/index.php\/wp-json\/wp\/v2\/posts\/1376","targetHints":{"allow":["GET"]}}],"collection":[{"href":"https:\/\/informazione365.net\/index.php\/wp-json\/wp\/v2\/posts"}],"about":[{"href":"https:\/\/informazione365.net\/index.php\/wp-json\/wp\/v2\/types\/post"}],"author":[{"embeddable":true,"href":"https:\/\/informazione365.net\/index.php\/wp-json\/wp\/v2\/users\/1"}],"replies":[{"embeddable":true,"href":"https:\/\/informazione365.net\/index.php\/wp-json\/wp\/v2\/comments?post=1376"}],"version-history":[{"count":0,"href":"https:\/\/informazione365.net\/index.php\/wp-json\/wp\/v2\/posts\/1376\/revisions"}],"wp:featuredmedia":[{"embeddable":true,"href":"https:\/\/informazione365.net\/index.php\/wp-json\/wp\/v2\/media\/2809"}],"wp:attachment":[{"href":"https:\/\/informazione365.net\/index.php\/wp-json\/wp\/v2\/media?parent=1376"}],"wp:term":[{"taxonomy":"category","embeddable":true,"href":"https:\/\/informazione365.net\/index.php\/wp-json\/wp\/v2\/categories?post=1376"},{"taxonomy":"post_tag","embeddable":true,"href":"https:\/\/informazione365.net\/index.php\/wp-json\/wp\/v2\/tags?post=1376"}],"curies":[{"name":"wp","href":"https:\/\/api.w.org\/{rel}","templated":true}]}}