{"id":1361,"date":"2020-05-12T15:00:00","date_gmt":"2020-05-12T13:00:00","guid":{"rendered":"https:\/\/www.informazione365.net\/?p=1300"},"modified":"2020-05-12T15:00:00","modified_gmt":"2020-05-12T13:00:00","slug":"federfarma-attacca-il-commissario-arcuri","status":"publish","type":"post","link":"https:\/\/informazione365.net\/index.php\/2020\/05\/12\/federfarma-attacca-il-commissario-arcuri\/","title":{"rendered":"Federfarma attacca il commissario Arcuri"},"content":{"rendered":"\n<p>Vittorio Contarina: \u201cAdesso basta! I farmacisti non sono pi\u00f9 disposti a essere incolpati ingiustamente. Chiedo alle Istituzioni di prendere le distanze dalle accuse del Commissario Arcuri\u201d.<br>\n\u201cInfangare il nome della categoria che insieme a medici e infermieri ha sostenuto l\u2019Italia nel momento pi\u00f9 grave della crisi, \u00e8 vergognoso e da irriconoscenti. Se poi le accuse arrivano da un Ufficiale di Governo, queste accuse fanno ancora pi\u00f9 male. Chiedo alla Politica e al Governo di prendere le distanze da tali affermazioni rivolte ingiustamente a una categoria che ha pagato un prezzo altissimo per il bene del Paese, con 17 morti e 1000 colleghi infettati dal Coronavirus\u201d, dice il Presidente di Federfarma Roma, Federfarma Lazio e Vicepresidente nazionale. E ancora: \u201c\u00c8 arrivato il momento di raccontare tutta la verit\u00e0 sulla storia delle mascherine\u201d. Vittorio Contarina vuole fare chiarezza, una volta per tutte, anche a seguito delle pesanti accuse da parte del Commissario Domenico Arcuri che ha incolpato farmacie e distributori della mancanza di mascherine.<br>\n\u201cSin dal primo momento della crisi, il forte aumento di domanda di mascherine, oltre a causare una drammatica carenza su tutto il territorio nazionale, ha comportato un aumento vertiginoso dei prezzi alle farmacie, che si sono trovate a dover acquistare dai fornitori le mascherine a un costo 10 volte superiore a quello usuale \u2013 spiega Contarina -. Questo fatto ha comportato inevitabilmente un aumento del prezzo delle mascherine anche all\u2019utente finale che, ignaro della speculazione a monte della filiera, se la prendeva con i farmacisti al banco, sempre che fosse cos\u00ec fortunato da trovare una farmacia che ne fosse provvista\u201d.<br>\nPoi prosegue: \u201cSuccessivamente sono arrivati i necessari controlli da parte dei Nas e della Guardia di Finanza, a tappeto in tutta Italia, anche pi\u00f9 volte a farmacia, al fine di controllare i prezzi e le modalit\u00e0 di dispensazione delle mascherine. Siamo stati additati da molti come approfittatori e affamatori del popolo, ma anche qui, dai controlli effettuati dalle forze dell\u2019ordine, si contano sulle dita di una mano le multe elevate nei confronti di colleghi per atteggiamenti speculativi. Siamo sull\u2019ordine di una trentina di casi su 19.000 farmacie in Italia. Lo 0,15%. Ma si sa, ai tempi dei social basta far girare uno scontrino di un farmacista scorretto che nel giro di un giorno fa il giro del web, cos\u00ec sembra che tutti i farmacisti d\u2019Italia siano degli approfittatori. Per questo Federfarma ha deciso di cacciare dal Sindacato queste sparute mele marce e di costituirsi parte civile nei confronti di questi colleghi in un eventuale processo nei loro confronti\u201d.<br>\n\u201cPoi \u00e8 arrivata la querelle dei certificati: veri, falsi, verosimili, non autentici, non accreditati. Ma chi fa entrare in Italia queste mascherine non dovrebbe avere il compito di controllare questo aspetto? Nel frattempo, i farmacisti si ammalavano e morivano, perch\u00e9 costretti a lavorare senza protezioni in situazioni drammatiche. S\u00ec, perch\u00e9 le mascherine non le avevamo nemmeno per noi \u2013 aggiunge Contarina -. Non \u00e8 finita: il 27 aprile scorso, senza aver precedentemente interloquito n\u00e8 con Federfarma n\u00e8 con la distribuzione del farmaco, durante una conferenza stampa governativa, viene annunciato che dal giorno dopo le mascherine sarebbero state vendute a 50 centesimi. 50 centesimi? E chi le ha mai viste a 50 centesimi! Il costo medio delle mascherine per il farmacista in quel momento era di circa 1 euro. Come si fa a vendere milioni e milioni di pezzi di un prodotto sul quale una farmacia ci rimette 50 centesimi al pezzo? I farmacisti giustamente insorgono e finalmente il Commissario convoca un tavolo con aziende produttrici, Protezione Civile, distribuzione intermedia e Federfarma per correre ai ripari. Alla fine di questo incontro si decide che le farmacie avrebbero acquistato a 0,40 euro + IVA e avrebbero le avrebbero vendute a 0,50 euro + IVA. Nelle varie interviste, infatti, si parla sempre di 0,50 euro, ma poich\u00e9 lo Stato sulle mascherine, fino a oggi, ha guadagnato il 22% di IVA (come se fossero beni di lusso), credo sarebbe stato pi\u00f9 corretto dire che il prezzo finale \u2013 almeno fino a quando ci sar\u00e0 l\u2019IVA \u2013 \u00e8 0,61 euro\u201d.<br>\nAncora Contarina: \u201cEvito di raccontare le scene dei cittadini infuriati che ci danno dei ladri perch\u00e9 in televisione il Governo ha detto 50 centesimi mentre noi eravamo tenuti a venderle a 61 centesimi. Il mio pensiero? Si vuole dire sin da subito che il prezzo \u00e8 50 centesimi? Bene, si tolga l\u2019IVA sin da subito!<br>\nMa il problema non \u00e8 ancora risolto, perch\u00e9 a due settimane dall\u2019accordo le famose mascherine della Protezione Civile, se arrivano, arrivano col contagocce. Il motivo \u00e8 semplice. Troppi controlli, troppe regole, margini troppo bassi per chi le produce e per chi le importa, che ovviamente preferisce \u2013 per guadagnare di pi\u00f9 &#8211; \u201cdirottarle\u201d verso altri Paesi come la Spagna, dove il prezzo finale delle mascherine \u00e8 stato fissato a circa 1 euro. Il risultato: in questi Paesi hanno le mascherine, noi no. E in tutto questo qualcuno ha anche il coraggio di dare la colpa ai farmacisti italiani accusandoli addirittura di nasconderle per motivi economici\u201d.<br>\nVittorio Contarina conclude: \u201cQueste accuse sono ingiuriose e vergognose e chiedo ufficialmente le scuse e la solidariet\u00e0 da parte delle Istituzioni ai farmacisti italiani, che ancora una volta hanno dimostrato il loro valore, la loro professionalit\u00e0 e la loro abnegazione, mettendo a rischio la loro salute. Pretendiamo rispetto da parte dello Stato, se non altro per i colleghi che si sono sacrificati dando la vita per il proprio Paese\u201d.<\/p>\n","protected":false},"excerpt":{"rendered":"<p>Vittorio Contarina: \u201cAdesso basta! I farmacisti non sono pi\u00f9 disposti a essere incolpati ingiustamente. Chiedo alle Istituzioni di prendere le distanze dalle accuse del Commissario Arcuri\u201d. \u201cInfangare il nome della categoria che insieme a medici e infermieri ha sostenuto l\u2019Italia nel momento pi\u00f9 grave della crisi, \u00e8 vergognoso e da irriconoscenti. Se poi le accuse &hellip;<\/p>\n","protected":false},"author":1,"featured_media":2795,"comment_status":"open","ping_status":"open","sticky":false,"template":"","format":"standard","meta":{"footnotes":""},"categories":[3,28],"tags":[],"class_list":["post-1361","post","type-post","status-publish","format-standard","has-post-thumbnail","hentry","category-attualita","category-promo"],"_links":{"self":[{"href":"https:\/\/informazione365.net\/index.php\/wp-json\/wp\/v2\/posts\/1361","targetHints":{"allow":["GET"]}}],"collection":[{"href":"https:\/\/informazione365.net\/index.php\/wp-json\/wp\/v2\/posts"}],"about":[{"href":"https:\/\/informazione365.net\/index.php\/wp-json\/wp\/v2\/types\/post"}],"author":[{"embeddable":true,"href":"https:\/\/informazione365.net\/index.php\/wp-json\/wp\/v2\/users\/1"}],"replies":[{"embeddable":true,"href":"https:\/\/informazione365.net\/index.php\/wp-json\/wp\/v2\/comments?post=1361"}],"version-history":[{"count":0,"href":"https:\/\/informazione365.net\/index.php\/wp-json\/wp\/v2\/posts\/1361\/revisions"}],"wp:featuredmedia":[{"embeddable":true,"href":"https:\/\/informazione365.net\/index.php\/wp-json\/wp\/v2\/media\/2795"}],"wp:attachment":[{"href":"https:\/\/informazione365.net\/index.php\/wp-json\/wp\/v2\/media?parent=1361"}],"wp:term":[{"taxonomy":"category","embeddable":true,"href":"https:\/\/informazione365.net\/index.php\/wp-json\/wp\/v2\/categories?post=1361"},{"taxonomy":"post_tag","embeddable":true,"href":"https:\/\/informazione365.net\/index.php\/wp-json\/wp\/v2\/tags?post=1361"}],"curies":[{"name":"wp","href":"https:\/\/api.w.org\/{rel}","templated":true}]}}