{"id":1356,"date":"2020-05-10T19:46:24","date_gmt":"2020-05-10T17:46:24","guid":{"rendered":"https:\/\/www.informazione365.net\/?p=1286"},"modified":"2020-05-10T19:46:24","modified_gmt":"2020-05-10T17:46:24","slug":"paola-perego-per-vincere-il-panico-ho-provato-a-spezzarmi-un-braccio","status":"publish","type":"post","link":"https:\/\/informazione365.net\/index.php\/2020\/05\/10\/paola-perego-per-vincere-il-panico-ho-provato-a-spezzarmi-un-braccio\/","title":{"rendered":"Paola Perego: \u201cPer vincere il panico ho provato a spezzarmi un braccio&#8230;\u201d"},"content":{"rendered":"\n<p>L\u2019ansia e il panico fanno parte del lockdown e stanno precipitando centinaia di persone nella depressione e nella paura. Chi ha affrontato lo stesso \u201cmostro\u201d \u00e8 stata la conduttrice televisiva Paola Perego. E la sua battaglia contro l\u2019ansia e gli attacchi di panico \u00e8 sfociata anche in atti di autolesionismo, come quando tent\u00f2 di rompersi un braccio da sola contro il muro del salone di casa propria. Oggi Paola Perego ha messo nero su bianco la sua esperienza, quasi per esorcizzarne i contenuti, pubblicando un libro, Dietro le quinte delle mie paure, prossimamente in vendita. \u00abL\u2019ansia non \u00e8 un dolore reale &#8211; scrive Paola Perego in un post su Instagram &#8211; e io non ce la facevo pi\u00f9 a stare male per qualcosa che non si pu\u00f2 vedere, cos\u00ec continuai a battere il braccio sinistro contro il muro del salone, con tutta la forza che avevo, nella speranza di sentire qualcosa di vero che non fosse il panico. In quell\u2019occasione scoprii che non \u00e8 cos\u00ec semplice rompersi qualcosa da soli (riuscii solo a farmi venire una contusione) e scoprii anche che il Mostro era un osso molto pi\u00f9 duro di quello del mio braccio\u00bb. <\/p>\n","protected":false},"excerpt":{"rendered":"<p>L\u2019ansia e il panico fanno parte del lockdown e stanno precipitando centinaia di persone nella depressione e nella paura. Chi ha affrontato lo stesso \u201cmostro\u201d \u00e8 stata la conduttrice televisiva Paola Perego. E la sua battaglia contro l\u2019ansia e gli attacchi di panico \u00e8 sfociata anche in atti di autolesionismo, come quando tent\u00f2 di rompersi &hellip;<\/p>\n","protected":false},"author":1,"featured_media":2791,"comment_status":"open","ping_status":"open","sticky":false,"template":"","format":"standard","meta":{"footnotes":""},"categories":[3,28],"tags":[],"class_list":["post-1356","post","type-post","status-publish","format-standard","has-post-thumbnail","hentry","category-attualita","category-promo"],"_links":{"self":[{"href":"https:\/\/informazione365.net\/index.php\/wp-json\/wp\/v2\/posts\/1356","targetHints":{"allow":["GET"]}}],"collection":[{"href":"https:\/\/informazione365.net\/index.php\/wp-json\/wp\/v2\/posts"}],"about":[{"href":"https:\/\/informazione365.net\/index.php\/wp-json\/wp\/v2\/types\/post"}],"author":[{"embeddable":true,"href":"https:\/\/informazione365.net\/index.php\/wp-json\/wp\/v2\/users\/1"}],"replies":[{"embeddable":true,"href":"https:\/\/informazione365.net\/index.php\/wp-json\/wp\/v2\/comments?post=1356"}],"version-history":[{"count":0,"href":"https:\/\/informazione365.net\/index.php\/wp-json\/wp\/v2\/posts\/1356\/revisions"}],"wp:featuredmedia":[{"embeddable":true,"href":"https:\/\/informazione365.net\/index.php\/wp-json\/wp\/v2\/media\/2791"}],"wp:attachment":[{"href":"https:\/\/informazione365.net\/index.php\/wp-json\/wp\/v2\/media?parent=1356"}],"wp:term":[{"taxonomy":"category","embeddable":true,"href":"https:\/\/informazione365.net\/index.php\/wp-json\/wp\/v2\/categories?post=1356"},{"taxonomy":"post_tag","embeddable":true,"href":"https:\/\/informazione365.net\/index.php\/wp-json\/wp\/v2\/tags?post=1356"}],"curies":[{"name":"wp","href":"https:\/\/api.w.org\/{rel}","templated":true}]}}