{"id":1350,"date":"2020-05-08T12:00:00","date_gmt":"2020-05-08T10:00:00","guid":{"rendered":"https:\/\/www.informazione365.net\/?p=1268"},"modified":"2020-05-08T12:00:00","modified_gmt":"2020-05-08T10:00:00","slug":"navigli-affollati-cosi-si-rischia-di-tornare-alla-fase-1","status":"publish","type":"post","link":"https:\/\/informazione365.net\/index.php\/2020\/05\/08\/navigli-affollati-cosi-si-rischia-di-tornare-alla-fase-1\/","title":{"rendered":"Navigli affollati, cos\u00ec si rischia di tornare alla fase 1"},"content":{"rendered":"\n<p>A Milano qualcosa non \u00e8 del tutto chiara: nella giornata di ieri, complice il caldo ma ancora in pieno lockdown, i Navigli sono stati presi d\u2019assalto. Centinaia le foto postate sui social dove si possono apprezzare frotte di ragazzi che si sono dati appuntamento sui canali, dimenticando protocolli di sicurezza elementari come i distanziamenti sociali e, qualche volta, persino le mascherine. La fase 2 ha contribuito con\u00a0la riapertura di bar e chioschi, cui \u00e8 concesso di vendere bibite e caff\u00e8 d\u2019asporto, cos\u00ec all\u2019ora dell\u2019aperitivo tutti hanno dimenticato il recente passato con le paure da contagio che vi erano contenute. Dal comune lombardo ci si aspettano le stesse trasgressioni di massa anche nei prossimi giorni. Cos\u00ec le autorit\u00e0 invitano a mantenere misure cautelative, mentre sui social impazzano le polemiche di chi resta a casa: Cos\u00ec si rischia di tornare alla Fase 1. Molti timori sono soprattutto relativi al prossimo weekend, tanto che lo stesso presidente della Regione, Attilio Fontana, \u00e8 preoccupato: \u00ab\u00c8 il momento pi\u00f9 delicato, vedo tanta gente in giro\u00bb. <\/p>\n","protected":false},"excerpt":{"rendered":"<p>A Milano qualcosa non \u00e8 del tutto chiara: nella giornata di ieri, complice il caldo ma ancora in pieno lockdown, i Navigli sono stati presi d\u2019assalto. Centinaia le foto postate sui social dove si possono apprezzare frotte di ragazzi che si sono dati appuntamento sui canali, dimenticando protocolli di sicurezza elementari come i distanziamenti sociali &hellip;<\/p>\n","protected":false},"author":1,"featured_media":2786,"comment_status":"open","ping_status":"open","sticky":false,"template":"","format":"standard","meta":{"footnotes":""},"categories":[3,28],"tags":[],"class_list":["post-1350","post","type-post","status-publish","format-standard","has-post-thumbnail","hentry","category-attualita","category-promo"],"_links":{"self":[{"href":"https:\/\/informazione365.net\/index.php\/wp-json\/wp\/v2\/posts\/1350","targetHints":{"allow":["GET"]}}],"collection":[{"href":"https:\/\/informazione365.net\/index.php\/wp-json\/wp\/v2\/posts"}],"about":[{"href":"https:\/\/informazione365.net\/index.php\/wp-json\/wp\/v2\/types\/post"}],"author":[{"embeddable":true,"href":"https:\/\/informazione365.net\/index.php\/wp-json\/wp\/v2\/users\/1"}],"replies":[{"embeddable":true,"href":"https:\/\/informazione365.net\/index.php\/wp-json\/wp\/v2\/comments?post=1350"}],"version-history":[{"count":0,"href":"https:\/\/informazione365.net\/index.php\/wp-json\/wp\/v2\/posts\/1350\/revisions"}],"wp:featuredmedia":[{"embeddable":true,"href":"https:\/\/informazione365.net\/index.php\/wp-json\/wp\/v2\/media\/2786"}],"wp:attachment":[{"href":"https:\/\/informazione365.net\/index.php\/wp-json\/wp\/v2\/media?parent=1350"}],"wp:term":[{"taxonomy":"category","embeddable":true,"href":"https:\/\/informazione365.net\/index.php\/wp-json\/wp\/v2\/categories?post=1350"},{"taxonomy":"post_tag","embeddable":true,"href":"https:\/\/informazione365.net\/index.php\/wp-json\/wp\/v2\/tags?post=1350"}],"curies":[{"name":"wp","href":"https:\/\/api.w.org\/{rel}","templated":true}]}}