{"id":1333,"date":"2020-03-09T10:57:00","date_gmt":"2020-03-09T09:57:00","guid":{"rendered":"https:\/\/www.informazione365.net\/?p=799"},"modified":"2020-03-09T10:57:00","modified_gmt":"2020-03-09T09:57:00","slug":"decreto-coronavirus-la-posizione-della-cei","status":"publish","type":"post","link":"https:\/\/informazione365.net\/index.php\/2020\/03\/09\/decreto-coronavirus-la-posizione-della-cei\/","title":{"rendered":"Decreto &#8220;Coronavirus&#8221;: la posizione della CEI."},"content":{"rendered":"\n<p>La Chiesa che vive in Italia e, attraverso le Diocesi e le parrocchie si rende prossima a ogni uomo, condivide la comune preoccupazione, di fronte l&#8217;emergenza sanitaria che sta interessando il Pese.<br>Rispetto a tale situazione, la CEI &#8211; all&#8217;interno di un rapporto di confronto e di collaborazione &#8211; in queste settimane ha fatto proprie, rilanciandole, le misure attraverso le quali, il Governo \u00e8 impegnato a contrastare la diffusione\u00a0del &#8220;coronavirus&#8221;.<br>Il Decreto della presidenza del Consiglio dei Ministri, entrato in vigore quest&#8217;oggi, sospende a livello preventivo, fino a venerd\u00ec 3 aprile, sull&#8217;intero territorio nazionale &#8220;le cerimonie civili e religiose, ivi comprese quelle funebri&#8221;.<br>L&#8217;interpretazione fornita dal Governo include rigorosamente le Sante Messe e le esequie tra le &#8220;cerimonie religiose&#8221;. Si tratta di un passaggio fortemente restrittivo, la cui accoglienza incontra sofferenze e difficolt\u00e0 nei Pastori, nei sacerdoti e nei fedeli. L&#8217;accoglienza del Decreto \u00e8 mediata unicamente dalla volont\u00e0 di fare, anche in questo frangente, la propria parte per contribuire alla tutela della salute pubblica. <\/p>\n","protected":false},"excerpt":{"rendered":"<p>La Chiesa che vive in Italia e, attraverso le Diocesi e le parrocchie si rende prossima a ogni uomo, condivide la comune preoccupazione, di fronte l&#8217;emergenza sanitaria che sta interessando il Pese.Rispetto a tale situazione, la CEI &#8211; all&#8217;interno di un rapporto di confronto e di collaborazione &#8211; in queste settimane ha fatto proprie, rilanciandole, &hellip;<\/p>\n","protected":false},"author":1,"featured_media":2727,"comment_status":"open","ping_status":"open","sticky":false,"template":"","format":"standard","meta":{"footnotes":""},"categories":[3,28],"tags":[],"class_list":["post-1333","post","type-post","status-publish","format-standard","has-post-thumbnail","hentry","category-attualita","category-promo"],"_links":{"self":[{"href":"https:\/\/informazione365.net\/index.php\/wp-json\/wp\/v2\/posts\/1333","targetHints":{"allow":["GET"]}}],"collection":[{"href":"https:\/\/informazione365.net\/index.php\/wp-json\/wp\/v2\/posts"}],"about":[{"href":"https:\/\/informazione365.net\/index.php\/wp-json\/wp\/v2\/types\/post"}],"author":[{"embeddable":true,"href":"https:\/\/informazione365.net\/index.php\/wp-json\/wp\/v2\/users\/1"}],"replies":[{"embeddable":true,"href":"https:\/\/informazione365.net\/index.php\/wp-json\/wp\/v2\/comments?post=1333"}],"version-history":[{"count":0,"href":"https:\/\/informazione365.net\/index.php\/wp-json\/wp\/v2\/posts\/1333\/revisions"}],"wp:featuredmedia":[{"embeddable":true,"href":"https:\/\/informazione365.net\/index.php\/wp-json\/wp\/v2\/media\/2727"}],"wp:attachment":[{"href":"https:\/\/informazione365.net\/index.php\/wp-json\/wp\/v2\/media?parent=1333"}],"wp:term":[{"taxonomy":"category","embeddable":true,"href":"https:\/\/informazione365.net\/index.php\/wp-json\/wp\/v2\/categories?post=1333"},{"taxonomy":"post_tag","embeddable":true,"href":"https:\/\/informazione365.net\/index.php\/wp-json\/wp\/v2\/tags?post=1333"}],"curies":[{"name":"wp","href":"https:\/\/api.w.org\/{rel}","templated":true}]}}