{"id":1321,"date":"2020-02-25T11:40:00","date_gmt":"2020-02-25T10:40:00","guid":{"rendered":"https:\/\/www.informazione365.net\/?p=832"},"modified":"2020-02-25T11:40:00","modified_gmt":"2020-02-25T10:40:00","slug":"primi-casi-di-coronavirus-a-firenze-e-palermo","status":"publish","type":"post","link":"https:\/\/informazione365.net\/index.php\/2020\/02\/25\/primi-casi-di-coronavirus-a-firenze-e-palermo\/","title":{"rendered":"Primi casi di Coronavirus a Firenze e Palermo"},"content":{"rendered":"\n<p>Firenze e Palermo ospitano i primi due casi di Coronavirus. Tampone positivo in Toscana, a Firenze, dove si attende soltanto la conferma dell&#8217;Istituto superiore di Sanit\u00e0. E\u2019 un imprenditore di sessant&#8217;anni che possiede aziende in Oriente. Ieri pomeriggio l\u2019uomo si \u00e8 recato spontaneamente all&#8217;ospedale di Santa Maria Nuova, e poco dopo il tampone ha rivelato la presenza del coronavirus Covid-19. Ora il paziente si trova nel reparto\u00a0malattie infettive dell&#8217;ospedale di Ponte a Niccheri. Intanto le sale e le corsie del Pronto soccorso di Santa Maria Nuova sono stati gi\u00e0 sanificati. Positiva al coronavirus anche la turista di Bergamo in vacanza a Palermo che ieri sera \u00e8 stata ricoverata nell&#8217;ospedale Cervello per il tampone dopo aver palesato evidenti sintomi influenzali. Cos\u00ec \u00e8 scattata la quarantena anche per gli amici della donna e per tutte quelle persone che sono rimaste a stretto contatto coi turisti. Questo \u00e8 il primo caso di coronavirus accertato nel Sud Italia. &#8220;Il campione esaminato al Policlinico di Palermo &#8211; ha spiegato il governatore Nello Musumeci &#8211; verr\u00e0 immediatamente inviato allo Spallanzani per ulteriori verifiche. La signora, che \u00e8 stata posta in isolamento al reparto di malattie infettive dell&#8217;Ospedale Cervello, \u00e8 pienamente cosciente e mi \u00e8 stato riferito che non presenta particolari condizioni di malessere. Ringrazio tutti gli operatori perch\u00e9 la macchina sanitaria regionale si \u00e8 mossa con prontezza ed ha dimostrato di essere pienamente allertata. Al termine degli accertamenti daremo tutte le informazioni necessarie\u201d.<br>In Italia per ora il bilancio \u00e8 di 271 contagiati e sette morti, tutti anziani indeboliti gi\u00e0 da patologie pregresse. <\/p>\n","protected":false},"excerpt":{"rendered":"<p>Firenze e Palermo ospitano i primi due casi di Coronavirus. Tampone positivo in Toscana, a Firenze, dove si attende soltanto la conferma dell&#8217;Istituto superiore di Sanit\u00e0. E\u2019 un imprenditore di sessant&#8217;anni che possiede aziende in Oriente. Ieri pomeriggio l\u2019uomo si \u00e8 recato spontaneamente all&#8217;ospedale di Santa Maria Nuova, e poco dopo il tampone ha rivelato &hellip;<\/p>\n","protected":false},"author":1,"featured_media":2680,"comment_status":"open","ping_status":"open","sticky":false,"template":"","format":"standard","meta":{"footnotes":""},"categories":[3,28],"tags":[],"class_list":["post-1321","post","type-post","status-publish","format-standard","has-post-thumbnail","hentry","category-attualita","category-promo"],"_links":{"self":[{"href":"https:\/\/informazione365.net\/index.php\/wp-json\/wp\/v2\/posts\/1321","targetHints":{"allow":["GET"]}}],"collection":[{"href":"https:\/\/informazione365.net\/index.php\/wp-json\/wp\/v2\/posts"}],"about":[{"href":"https:\/\/informazione365.net\/index.php\/wp-json\/wp\/v2\/types\/post"}],"author":[{"embeddable":true,"href":"https:\/\/informazione365.net\/index.php\/wp-json\/wp\/v2\/users\/1"}],"replies":[{"embeddable":true,"href":"https:\/\/informazione365.net\/index.php\/wp-json\/wp\/v2\/comments?post=1321"}],"version-history":[{"count":0,"href":"https:\/\/informazione365.net\/index.php\/wp-json\/wp\/v2\/posts\/1321\/revisions"}],"wp:featuredmedia":[{"embeddable":true,"href":"https:\/\/informazione365.net\/index.php\/wp-json\/wp\/v2\/media\/2680"}],"wp:attachment":[{"href":"https:\/\/informazione365.net\/index.php\/wp-json\/wp\/v2\/media?parent=1321"}],"wp:term":[{"taxonomy":"category","embeddable":true,"href":"https:\/\/informazione365.net\/index.php\/wp-json\/wp\/v2\/categories?post=1321"},{"taxonomy":"post_tag","embeddable":true,"href":"https:\/\/informazione365.net\/index.php\/wp-json\/wp\/v2\/tags?post=1321"}],"curies":[{"name":"wp","href":"https:\/\/api.w.org\/{rel}","templated":true}]}}