{"id":1318,"date":"2020-02-27T11:34:00","date_gmt":"2020-02-27T10:34:00","guid":{"rendered":"https:\/\/www.informazione365.net\/?p=826"},"modified":"2020-02-27T11:34:00","modified_gmt":"2020-02-27T10:34:00","slug":"trovato-cadavere-di-paziente-sparito-sei-mesi-fa","status":"publish","type":"post","link":"https:\/\/informazione365.net\/index.php\/2020\/02\/27\/trovato-cadavere-di-paziente-sparito-sei-mesi-fa\/","title":{"rendered":"Trovato cadavere di paziente sparito sei mesi fa"},"content":{"rendered":"\n<p>Trovato ieri mattina alle 9.00 un cadavere quasi mummificato in un&#8217;intercapedine all\u2019ottavo piano del policlinico Gemelli di Roma. La scoperta del corpo del paziente di 45 anni, romeno, ricoverato in agosto per cirrosi epatica, ha scioccato gli operai che stavano provvedendo alla manutenzione del condotto di aerazione. La procura &#8211; il pm Stefano Luciani si occupa del caso &#8211; ha disposto l&#8217;autopsia ipotizzando, per il momento,\u00a0l&#8217;omicidio colposo. La vittima \u00e8 un senza fissa dimora, Valer Hant il cui ingresso al Gemelli risale al 10 agosto scorso grazie all\u2019aiuto di un volontario della Caritas. Sembra che negli ultimi giorni della sua degenza, oltre alla malattia legata all&#8217;alcolismo si fosse anche aggravata la sua vista. Dopo il ricovero nel reparto di Medicina Interna e Gastroenterologia, l\u2019uomo era stato sottoposto a terapia idratante e supporto nutrizionale. Il paziente, il 13 agosto, aveva chiesto di essere dimesso e verso le due di notte si sarebbe allontanato dal reparto, incorrendo probabilmente in maniera accidentale in un vano oscuro alto ben sei metri che non gli avrebbe lasciato scampo. \u201cIl personale sanitario &#8211; raccontano dal Gemelli &#8211; avrebbe tentato di rintracciarlo, perlustrando scale, stanze, corridoi e allertando anche il servizio di vigilanza. Non trovandolo, i medici hanno chiuso il ricovero per \u00abdimissione volontaria\u00bb. Anche perch\u00e9 rintracciarlo era impossibile: Hant non aveva parenti in Italia, nessuno &#8211; a parte i volontari della Caritas &#8211; lo aveva mai accompagnato in ospedale\u201d. E nessuno, dopo la sua scomparsa, ha pi\u00f9 chiesto di lui presso il nosocomio. Per avere certezze, tuttavia, sar\u00e0 necessario attendere i risultati dell\u2019esame autoptico, che far\u00e0 luce sulle dinamiche del decesso. \u00abSi tratta di un episodio che addolora un&#8217;Istituzione che da sempre \u00e8 vicina alle condizioni di fragilit\u00e0 e che ancor pi\u00f9 recentemente ha voluto esprimere questa vocazione impegnandosi nella realizzazione di una struttura di ristoro per persone che vivono l&#8217;esperienza della marginalit\u00e0 &#8211; commentano dal policlinico &#8211; Nonostante si sia certi di aver fatto tutto il possibile per questa persona, resta il rammarico per un epilogo tristemente inaspettato\u00bb. <\/p>\n","protected":false},"excerpt":{"rendered":"<p>Trovato ieri mattina alle 9.00 un cadavere quasi mummificato in un&#8217;intercapedine all\u2019ottavo piano del policlinico Gemelli di Roma. La scoperta del corpo del paziente di 45 anni, romeno, ricoverato in agosto per cirrosi epatica, ha scioccato gli operai che stavano provvedendo alla manutenzione del condotto di aerazione. La procura &#8211; il pm Stefano Luciani si &hellip;<\/p>\n","protected":false},"author":1,"featured_media":2684,"comment_status":"open","ping_status":"open","sticky":false,"template":"","format":"standard","meta":{"footnotes":""},"categories":[2,28],"tags":[],"class_list":["post-1318","post","type-post","status-publish","format-standard","has-post-thumbnail","hentry","category-cronaca","category-promo"],"_links":{"self":[{"href":"https:\/\/informazione365.net\/index.php\/wp-json\/wp\/v2\/posts\/1318","targetHints":{"allow":["GET"]}}],"collection":[{"href":"https:\/\/informazione365.net\/index.php\/wp-json\/wp\/v2\/posts"}],"about":[{"href":"https:\/\/informazione365.net\/index.php\/wp-json\/wp\/v2\/types\/post"}],"author":[{"embeddable":true,"href":"https:\/\/informazione365.net\/index.php\/wp-json\/wp\/v2\/users\/1"}],"replies":[{"embeddable":true,"href":"https:\/\/informazione365.net\/index.php\/wp-json\/wp\/v2\/comments?post=1318"}],"version-history":[{"count":0,"href":"https:\/\/informazione365.net\/index.php\/wp-json\/wp\/v2\/posts\/1318\/revisions"}],"wp:featuredmedia":[{"embeddable":true,"href":"https:\/\/informazione365.net\/index.php\/wp-json\/wp\/v2\/media\/2684"}],"wp:attachment":[{"href":"https:\/\/informazione365.net\/index.php\/wp-json\/wp\/v2\/media?parent=1318"}],"wp:term":[{"taxonomy":"category","embeddable":true,"href":"https:\/\/informazione365.net\/index.php\/wp-json\/wp\/v2\/categories?post=1318"},{"taxonomy":"post_tag","embeddable":true,"href":"https:\/\/informazione365.net\/index.php\/wp-json\/wp\/v2\/tags?post=1318"}],"curies":[{"name":"wp","href":"https:\/\/api.w.org\/{rel}","templated":true}]}}