{"id":1302,"date":"2020-01-13T16:05:39","date_gmt":"2020-01-13T15:05:39","guid":{"rendered":"http:\/\/informazione365.net\/new\/?p=604"},"modified":"2020-01-13T16:05:39","modified_gmt":"2020-01-13T15:05:39","slug":"vive-con-due-euro-al-giorno-ma-non-vuole-aiuti-dallo-stato","status":"publish","type":"post","link":"https:\/\/informazione365.net\/index.php\/2020\/01\/13\/vive-con-due-euro-al-giorno-ma-non-vuole-aiuti-dallo-stato\/","title":{"rendered":"Vive con due euro al giorno, ma non vuole aiuti dallo Stato"},"content":{"rendered":"\n<p>Vive con due euro al giorno e non vuole soldi dallo Stato, tanto meno il reddito di cittadinanza: \u201cCon tutti quei soldi comincerei a bere e fumare meglio di no\u201d. \u00c8 la storia di Gabriele, 55 anni, un ex fabbro che abita in via Dati a Teramo in una casa senza gas, acqua e luce. \u00c8 in esilio volontario ma non gli manca nulla, assicura. La sua scelta di vita lo rende felice perch\u00e9 ha riscoperto il senso delle piccole cose. Ha ancora un cellulare, modello molto datato, che ricarica con tre euro al mese per mantenersi in contatto con il resto del mondo. Guadagna pochi spiccioli facendo il parcheggiatore abusivo: \u00abTutti conoscono la mia seriet\u00e0 e mi ritengono un aiuto sia gli autisti che i corrieri\u00bb. Nella quotidianit\u00e0 si \u00e8 ingegnato per non doversi privare di qualche \u201ccomodit\u00e0\u201d: illumina il suo rifugio con una luce led a batteria solare, come tavolo ha lo sportello di un frigorifero e si cucina con un fornelletto a gas da campeggio. Per l\u2019acqua utilizza un tubo collegato a una tanica, per lavarsi invece ha delle bottiglie che riempie e lascia al sole. Per lui un\u2019alba e una passeggiata al parco fluviale sono momenti impagabili. Da quando la sua storia \u00e8 stata resa nota in citt\u00e0 molti teramani vorrebbero dargli una mano, magari con vestiti o cibo, ma temono che la profonda dignit\u00e0 di Gabriele possa essere un ostacolo insormontabile. Un matrimonio finito alle spalle, non pretende nulla, neanche un alloggio popolare. Peraltro possiede anche una casa a Civitella, quella della mamma, ma \u00ab\u00e8 lontana per i miei gatti ed \u00e8 molto grande: di riscaldamento andrebbe via un patrimonio\u00bb. <\/p>\n","protected":false},"excerpt":{"rendered":"<p>Vive con due euro al giorno e non vuole soldi dallo Stato, tanto meno il reddito di cittadinanza: \u201cCon tutti quei soldi comincerei a bere e fumare meglio di no\u201d. \u00c8 la storia di Gabriele, 55 anni, un ex fabbro che abita in via Dati a Teramo in una casa senza gas, acqua e luce. &hellip;<\/p>\n","protected":false},"author":1,"featured_media":2637,"comment_status":"open","ping_status":"open","sticky":false,"template":"","format":"standard","meta":{"footnotes":""},"categories":[3,28],"tags":[],"class_list":["post-1302","post","type-post","status-publish","format-standard","has-post-thumbnail","hentry","category-attualita","category-promo"],"_links":{"self":[{"href":"https:\/\/informazione365.net\/index.php\/wp-json\/wp\/v2\/posts\/1302","targetHints":{"allow":["GET"]}}],"collection":[{"href":"https:\/\/informazione365.net\/index.php\/wp-json\/wp\/v2\/posts"}],"about":[{"href":"https:\/\/informazione365.net\/index.php\/wp-json\/wp\/v2\/types\/post"}],"author":[{"embeddable":true,"href":"https:\/\/informazione365.net\/index.php\/wp-json\/wp\/v2\/users\/1"}],"replies":[{"embeddable":true,"href":"https:\/\/informazione365.net\/index.php\/wp-json\/wp\/v2\/comments?post=1302"}],"version-history":[{"count":0,"href":"https:\/\/informazione365.net\/index.php\/wp-json\/wp\/v2\/posts\/1302\/revisions"}],"wp:featuredmedia":[{"embeddable":true,"href":"https:\/\/informazione365.net\/index.php\/wp-json\/wp\/v2\/media\/2637"}],"wp:attachment":[{"href":"https:\/\/informazione365.net\/index.php\/wp-json\/wp\/v2\/media?parent=1302"}],"wp:term":[{"taxonomy":"category","embeddable":true,"href":"https:\/\/informazione365.net\/index.php\/wp-json\/wp\/v2\/categories?post=1302"},{"taxonomy":"post_tag","embeddable":true,"href":"https:\/\/informazione365.net\/index.php\/wp-json\/wp\/v2\/tags?post=1302"}],"curies":[{"name":"wp","href":"https:\/\/api.w.org\/{rel}","templated":true}]}}