{"id":1233,"date":"2018-12-17T09:28:38","date_gmt":"2018-12-17T08:28:38","guid":{"rendered":"https:\/\/www.informazione365.net\/?p=275"},"modified":"2018-12-17T09:28:38","modified_gmt":"2018-12-17T08:28:38","slug":"movimento-cantiere-italia-e-monica-picca-un-percorso-condiviso","status":"publish","type":"post","link":"https:\/\/informazione365.net\/index.php\/2018\/12\/17\/movimento-cantiere-italia-e-monica-picca-un-percorso-condiviso\/","title":{"rendered":"Movimento Cantiere Italia e Monica Picca: un percorso condiviso"},"content":{"rendered":"<p>Unita&#8217; d&#8217;intenti e obiettivi comuni hanno portato Movimento Cantiere Italia e Monica Picca a sposare un progetto politico condiviso. Da anni sul territorio della Capitale e nei quartieri, il Presidente di MCI, Gerardo Valentini, ha riscontrato in Monica Picca la stessa operativit\u00e0 e determinazione che muovono i principi fondanti del Movimento, scevra da colori politici che ne possano condizionare le scelte.<br \/>\n&#8220;Ritengo il nostro incontro non casuale &#8211; afferma Valentini &#8211; credo fermamente si possa costruire un percorso comune condiviso che porti ad una amministrazione dei territori capillare e attenta. Il Movimento, con il contributo di Monica Picca, figura di elevato spessore politico, umano e di competenza, ha la garanzia di arginare meglio la deriva politica e sociale in cui versa oggi la Capitale, proponendo soluzioni idonee ed efficaci ai problemi reali dei cittadini e della citt\u00e0&#8221;. &#8220;Per me \u00e8 un grande onore poter condividere il mio percorso politico con un movimento che coadiuver\u00e0 il grande lavoro che da anni porto avanti sul territorio &#8211; ribadisce Picca &#8211; Ringrazio per la stima ricevuta e sar\u00f2 lieta di condividere battaglie e azioni sempre per il bene della comunit\u00e0&#8221;.<\/p>\n","protected":false},"excerpt":{"rendered":"<p>Unita&#8217; d&#8217;intenti e obiettivi comuni hanno portato Movimento Cantiere Italia e Monica Picca a sposare un progetto politico condiviso. Da anni sul territorio della Capitale e nei quartieri, il Presidente di MCI, Gerardo Valentini, ha riscontrato in Monica Picca la stessa operativit\u00e0 e determinazione che muovono i principi fondanti del Movimento, scevra da colori politici &hellip;<\/p>\n","protected":false},"author":1,"featured_media":0,"comment_status":"open","ping_status":"open","sticky":false,"template":"","format":"standard","meta":{"footnotes":""},"categories":[5],"tags":[],"class_list":["post-1233","post","type-post","status-publish","format-standard","hentry","category-politica"],"_links":{"self":[{"href":"https:\/\/informazione365.net\/index.php\/wp-json\/wp\/v2\/posts\/1233","targetHints":{"allow":["GET"]}}],"collection":[{"href":"https:\/\/informazione365.net\/index.php\/wp-json\/wp\/v2\/posts"}],"about":[{"href":"https:\/\/informazione365.net\/index.php\/wp-json\/wp\/v2\/types\/post"}],"author":[{"embeddable":true,"href":"https:\/\/informazione365.net\/index.php\/wp-json\/wp\/v2\/users\/1"}],"replies":[{"embeddable":true,"href":"https:\/\/informazione365.net\/index.php\/wp-json\/wp\/v2\/comments?post=1233"}],"version-history":[{"count":0,"href":"https:\/\/informazione365.net\/index.php\/wp-json\/wp\/v2\/posts\/1233\/revisions"}],"wp:attachment":[{"href":"https:\/\/informazione365.net\/index.php\/wp-json\/wp\/v2\/media?parent=1233"}],"wp:term":[{"taxonomy":"category","embeddable":true,"href":"https:\/\/informazione365.net\/index.php\/wp-json\/wp\/v2\/categories?post=1233"},{"taxonomy":"post_tag","embeddable":true,"href":"https:\/\/informazione365.net\/index.php\/wp-json\/wp\/v2\/tags?post=1233"}],"curies":[{"name":"wp","href":"https:\/\/api.w.org\/{rel}","templated":true}]}}