{"id":1098,"date":"2020-04-17T18:04:59","date_gmt":"2020-04-17T16:04:59","guid":{"rendered":"https:\/\/www.informazione365.net\/?p=1098"},"modified":"2020-04-17T18:04:59","modified_gmt":"2020-04-17T16:04:59","slug":"riapertura-anticipata-de-luca-rispondera-chiudendo-i-confini-della-campania","status":"publish","type":"post","link":"https:\/\/informazione365.net\/index.php\/2020\/04\/17\/riapertura-anticipata-de-luca-rispondera-chiudendo-i-confini-della-campania\/","title":{"rendered":"Riapertura anticipata? De Luca risponder\u00e0 chiudendo i confini della Campania"},"content":{"rendered":"\n<p>Il governatore della regione Campania Vincenzo De Luca \u00e8 preoccupato: \u201cSe avremo corse in avanti in zone d&#8217;Italia dove c\u2019\u00e8 un forte contagio noi faremo una ordinanza per vietare l\u2019ingresso a chi proviene da altre regioni\u201d. Poi il presidente campano ha chiosato: &#8220;Se manterremo il rigore avuto sino ad ora, a met\u00e0 maggio avremo sconfitto il Covid-19&#8221;, aggiungendo che c\u2019\u00e8 &#8220;chi preme per affrettare la ripresa di tutto, ma dobbiamo avere un grande senso di responsabilit\u00e0&#8221;. \u201cNei prossimi giorni &#8211; ha proseguito sempre De Luca &#8211; saranno intensificati i controlli nelle strutture che ospitano gli anziani\u201d. Poi il governatore della Regione ha rivendicato la paternit\u00e0 di alcune decisioni drastiche ma efficaci: &#8220;Assumendo decisioni due settimane prima del Governo nazionale, abbiamo salvato la Campania, con scelte rigorose, ma anche con la responsabilit\u00e0 dei cittadini&#8221;. Inoltre il presidente ha voluto sottolineare il rischio legato alla densit\u00e0 abitativa di alcune aree: &#8220;Non ci troviamo di fronte a problemi banali, ma seri, che vanno affrontati con tutto il rigore necessario&#8221;. Il governatore campano ha poi parlato di un piano economico di &#8220;ripresa graduale&#8221;, aggiungendo: &#8220;Adesso ci stiamo confrontando con le categorie produttive ed economiche, ma lavorando per dare un protocollo di sicurezza per non dover poi richiudere&#8221;. E infine: &#8220;Stiamo gi\u00e0 distribuendo tre milioni di mascherine perch\u00e9 dal 3-4 maggio l&#8217;uso delle mascherine sar\u00e0 obbligatorio&#8221;. I presidi medico sanitari (in confezione da due) arriveranno &#8211; ha spiegato De Luca &#8211; \u201dnelle case dei campani grazie ad una intesa con le Poste Italiane. Per ora \u00e8 stata avviata la distribuzione alle categorie a rischio\u201d. Il governatore ha poi liquidato la questione Mes con una battuta: \u201cSi \u00e8 aperta la fase 2 e lo ha fatto all&#8217;insegna della politica politicante. Che tristezza. Il dibattito che abbiamo visto sul Mes \u00e8 un esempio di chiaccherificio&#8221;. <\/p>\n","protected":false},"excerpt":{"rendered":"<p>Il governatore della regione Campania Vincenzo De Luca \u00e8 preoccupato: \u201cSe avremo corse in avanti in zone d&#8217;Italia dove c\u2019\u00e8 un forte contagio noi faremo una ordinanza per vietare l\u2019ingresso a chi proviene da altre regioni\u201d. Poi il presidente campano ha chiosato: &#8220;Se manterremo il rigore avuto sino ad ora, a met\u00e0 maggio avremo sconfitto &hellip;<\/p>\n","protected":false},"author":1,"featured_media":1099,"comment_status":"open","ping_status":"open","sticky":false,"template":"","format":"standard","meta":{"footnotes":""},"categories":[3,28],"tags":[],"class_list":["post-1098","post","type-post","status-publish","format-standard","has-post-thumbnail","hentry","category-attualita","category-promo"],"_links":{"self":[{"href":"https:\/\/informazione365.net\/index.php\/wp-json\/wp\/v2\/posts\/1098","targetHints":{"allow":["GET"]}}],"collection":[{"href":"https:\/\/informazione365.net\/index.php\/wp-json\/wp\/v2\/posts"}],"about":[{"href":"https:\/\/informazione365.net\/index.php\/wp-json\/wp\/v2\/types\/post"}],"author":[{"embeddable":true,"href":"https:\/\/informazione365.net\/index.php\/wp-json\/wp\/v2\/users\/1"}],"replies":[{"embeddable":true,"href":"https:\/\/informazione365.net\/index.php\/wp-json\/wp\/v2\/comments?post=1098"}],"version-history":[{"count":0,"href":"https:\/\/informazione365.net\/index.php\/wp-json\/wp\/v2\/posts\/1098\/revisions"}],"wp:featuredmedia":[{"embeddable":true,"href":"https:\/\/informazione365.net\/index.php\/wp-json\/wp\/v2\/media\/1099"}],"wp:attachment":[{"href":"https:\/\/informazione365.net\/index.php\/wp-json\/wp\/v2\/media?parent=1098"}],"wp:term":[{"taxonomy":"category","embeddable":true,"href":"https:\/\/informazione365.net\/index.php\/wp-json\/wp\/v2\/categories?post=1098"},{"taxonomy":"post_tag","embeddable":true,"href":"https:\/\/informazione365.net\/index.php\/wp-json\/wp\/v2\/tags?post=1098"}],"curies":[{"name":"wp","href":"https:\/\/api.w.org\/{rel}","templated":true}]}}