{"id":1036,"date":"2020-04-08T11:53:35","date_gmt":"2020-04-08T09:53:35","guid":{"rendered":"https:\/\/www.informazione365.net\/?p=1036"},"modified":"2020-04-08T11:53:35","modified_gmt":"2020-04-08T09:53:35","slug":"e-nata-giulia-la-figlia-del-paziente-1-di-codogno","status":"publish","type":"post","link":"https:\/\/informazione365.net\/index.php\/2020\/04\/08\/e-nata-giulia-la-figlia-del-paziente-1-di-codogno\/","title":{"rendered":"\u00c8 nata Giulia, la figlia del \u2018paziente 1\u2019 di Codogno"},"content":{"rendered":"\n<p>Una notizia che sa di rinascita: a Codogno \u00e8 nata Giulia, la figlia di Mattia, il \u2018paziente 1\u2019 di Codogno, che pochi giorni fa \u00e8 stato giudicato guarito e dimesso. La notizia della nascita ha portato una ventata di ottimismo nel paese del lodigiano, uno dei primissimi focolai dell\u2019epidemia di Coronavirus in Italia. Mattia, il pap\u00e0 38enne, fu ricoverato lo scorso 19 febbraio all&#8217;ospedale del paese e poi trasferito al San Matteo di Pavia, dove \u00e8 guarito ed \u00e8 stato dimesso dopo ben tre settimane di terapia intensiva a lottare tra la vita e la morte. Ormai se ne \u00e8 persa la memoria dopo oltre 17.000 decessi, ma il suo \u00e8 stato il primo caso di Covid-19 diagnosticato in Italia. Peraltro Mattia ha perso il padre, anche lui contagiato e ricoverato in ospedale in terapia intensiva. La notizia gli e\u2019 stata data durante il suo ricovero. La nascita della piccola Giulia assume un significato ancora maggiore, alla stregua di un piccolo miracolo, se si pensa che la mamma, Valentina, moglie di Mattia, era risultata anch\u2019essa positiva al Coronavirus, ed era stata ricoverata e poi dimessa dall&#8217;ospedale Sacco. <\/p>\n","protected":false},"excerpt":{"rendered":"<p>Una notizia che sa di rinascita: a Codogno \u00e8 nata Giulia, la figlia di Mattia, il \u2018paziente 1\u2019 di Codogno, che pochi giorni fa \u00e8 stato giudicato guarito e dimesso. La notizia della nascita ha portato una ventata di ottimismo nel paese del lodigiano, uno dei primissimi focolai dell\u2019epidemia di Coronavirus in Italia. Mattia, il &hellip;<\/p>\n","protected":false},"author":1,"featured_media":1037,"comment_status":"open","ping_status":"open","sticky":false,"template":"","format":"standard","meta":{"footnotes":""},"categories":[3,28],"tags":[],"class_list":["post-1036","post","type-post","status-publish","format-standard","has-post-thumbnail","hentry","category-attualita","category-promo"],"_links":{"self":[{"href":"https:\/\/informazione365.net\/index.php\/wp-json\/wp\/v2\/posts\/1036","targetHints":{"allow":["GET"]}}],"collection":[{"href":"https:\/\/informazione365.net\/index.php\/wp-json\/wp\/v2\/posts"}],"about":[{"href":"https:\/\/informazione365.net\/index.php\/wp-json\/wp\/v2\/types\/post"}],"author":[{"embeddable":true,"href":"https:\/\/informazione365.net\/index.php\/wp-json\/wp\/v2\/users\/1"}],"replies":[{"embeddable":true,"href":"https:\/\/informazione365.net\/index.php\/wp-json\/wp\/v2\/comments?post=1036"}],"version-history":[{"count":0,"href":"https:\/\/informazione365.net\/index.php\/wp-json\/wp\/v2\/posts\/1036\/revisions"}],"wp:featuredmedia":[{"embeddable":true,"href":"https:\/\/informazione365.net\/index.php\/wp-json\/wp\/v2\/media\/1037"}],"wp:attachment":[{"href":"https:\/\/informazione365.net\/index.php\/wp-json\/wp\/v2\/media?parent=1036"}],"wp:term":[{"taxonomy":"category","embeddable":true,"href":"https:\/\/informazione365.net\/index.php\/wp-json\/wp\/v2\/categories?post=1036"},{"taxonomy":"post_tag","embeddable":true,"href":"https:\/\/informazione365.net\/index.php\/wp-json\/wp\/v2\/tags?post=1036"}],"curies":[{"name":"wp","href":"https:\/\/api.w.org\/{rel}","templated":true}]}}